{"id":2576,"date":"2025-11-29T09:47:06","date_gmt":"2025-11-29T08:47:06","guid":{"rendered":"https:\/\/criand.it\/?p=2576"},"modified":"2025-11-29T09:47:15","modified_gmt":"2025-11-29T08:47:15","slug":"fiera-del-turismo-2026","status":"publish","type":"post","link":"https:\/\/criand.it\/index.php\/2025\/11\/29\/fiera-del-turismo-2026\/","title":{"rendered":"Fiera del Turismo 2026"},"content":{"rendered":"<style>.wp-block-kadence-advancedheading.kt-adv-heading2573_bf0e87-b1_0, .wp-block-kadence-advancedheading.kt-adv-heading2573_bf0e87-b1_0[data-kb-block=\"kb-adv-heading2573_bf0e87-b1_0\"]{font-style:normal;}.wp-block-kadence-advancedheading.kt-adv-heading2573_bf0e87-b1_0 mark.kt-highlight, .wp-block-kadence-advancedheading.kt-adv-heading2573_bf0e87-b1_0[data-kb-block=\"kb-adv-heading2573_bf0e87-b1_0\"] mark.kt-highlight{font-style:normal;color:#f76a0c;-webkit-box-decoration-break:clone;box-decoration-break:clone;padding-top:0px;padding-right:0px;padding-bottom:0px;padding-left:0px;}.wp-block-kadence-advancedheading.kt-adv-heading2573_bf0e87-b1_0 img.kb-inline-image, .wp-block-kadence-advancedheading.kt-adv-heading2573_bf0e87-b1_0[data-kb-block=\"kb-adv-heading2573_bf0e87-b1_0\"] img.kb-inline-image{width:150px;vertical-align:baseline;}<\/style>\n<p class=\"kt-adv-heading2573_bf0e87-b1_0 wp-block-kadence-advancedheading\" data-kb-block=\"kb-adv-heading2573_bf0e87-b1_0\"><strong>\ud83c\udf10 FITCUBA 2026: Il grande evento del turismo cubano torna a Varadero<\/strong><\/p>\n\n\n<style>.wp-block-kadence-advancedheading.kt-adv-heading2576_ef0d2e-a0_0, .wp-block-kadence-advancedheading.kt-adv-heading2576_ef0d2e-a0_0[data-kb-block=\"kb-adv-heading2576_ef0d2e-a0_0\"]{font-style:normal;}.wp-block-kadence-advancedheading.kt-adv-heading2576_ef0d2e-a0_0 mark.kt-highlight, .wp-block-kadence-advancedheading.kt-adv-heading2576_ef0d2e-a0_0[data-kb-block=\"kb-adv-heading2576_ef0d2e-a0_0\"] mark.kt-highlight{font-style:normal;color:#f76a0c;-webkit-box-decoration-break:clone;box-decoration-break:clone;padding-top:0px;padding-right:0px;padding-bottom:0px;padding-left:0px;}.wp-block-kadence-advancedheading.kt-adv-heading2576_ef0d2e-a0_0 img.kb-inline-image, .wp-block-kadence-advancedheading.kt-adv-heading2576_ef0d2e-a0_0[data-kb-block=\"kb-adv-heading2576_ef0d2e-a0_0\"] img.kb-inline-image{width:150px;vertical-align:baseline;}<\/style>\n<p class=\"kt-adv-heading2576_ef0d2e-a0_0 wp-block-kadence-advancedheading\" data-kb-block=\"kb-adv-heading2576_ef0d2e-a0_0\"><strong>\u2728 Cosa \u00e8 FITCUBA<\/strong><\/p>\n\n\n<style>.wp-block-kadence-advancedheading.kt-adv-heading2576_ef0d2e-a0_1, .wp-block-kadence-advancedheading.kt-adv-heading2576_ef0d2e-a0_1[data-kb-block=\"kb-adv-heading2576_ef0d2e-a0_1\"]{font-style:normal;}.wp-block-kadence-advancedheading.kt-adv-heading2576_ef0d2e-a0_1 mark.kt-highlight, .wp-block-kadence-advancedheading.kt-adv-heading2576_ef0d2e-a0_1[data-kb-block=\"kb-adv-heading2576_ef0d2e-a0_1\"] mark.kt-highlight{font-style:normal;color:#f76a0c;-webkit-box-decoration-break:clone;box-decoration-break:clone;padding-top:0px;padding-right:0px;padding-bottom:0px;padding-left:0px;}.wp-block-kadence-advancedheading.kt-adv-heading2576_ef0d2e-a0_1 img.kb-inline-image, .wp-block-kadence-advancedheading.kt-adv-heading2576_ef0d2e-a0_1[data-kb-block=\"kb-adv-heading2576_ef0d2e-a0_1\"] img.kb-inline-image{width:150px;vertical-align:baseline;}<\/style>\n<p class=\"kt-adv-heading2576_ef0d2e-a0_1 wp-block-kadence-advancedheading\" data-kb-block=\"kb-adv-heading2576_ef0d2e-a0_1\">FITCUBA \u00e8 la Fiera Internazionale del Turismo di Cuba, ed \u00e8 considerata l\u2019evento professionale pi\u00f9 importante dell\u2019industria turistica cubana. <br>fitcuba.net<\/p>\n\n\n<style>.wp-block-kadence-advancedheading.kt-adv-heading2576_ef0d2e-a0_2, .wp-block-kadence-advancedheading.kt-adv-heading2576_ef0d2e-a0_2[data-kb-block=\"kb-adv-heading2576_ef0d2e-a0_2\"]{font-style:normal;}.wp-block-kadence-advancedheading.kt-adv-heading2576_ef0d2e-a0_2 mark.kt-highlight, .wp-block-kadence-advancedheading.kt-adv-heading2576_ef0d2e-a0_2[data-kb-block=\"kb-adv-heading2576_ef0d2e-a0_2\"] mark.kt-highlight{font-style:normal;color:#f76a0c;-webkit-box-decoration-break:clone;box-decoration-break:clone;padding-top:0px;padding-right:0px;padding-bottom:0px;padding-left:0px;}.wp-block-kadence-advancedheading.kt-adv-heading2576_ef0d2e-a0_2 img.kb-inline-image, .wp-block-kadence-advancedheading.kt-adv-heading2576_ef0d2e-a0_2[data-kb-block=\"kb-adv-heading2576_ef0d2e-a0_2\"] img.kb-inline-image{width:150px;vertical-align:baseline;}<\/style>\n<p class=\"kt-adv-heading2576_ef0d2e-a0_2 wp-block-kadence-advancedheading\" data-kb-block=\"kb-adv-heading2576_ef0d2e-a0_2\">L\u2019edizione 2026 si terr\u00e0 dal 6 al 10 maggio, con sede al Centro di Convenzioni Plaza Am\u00e9rica, a Varadero. \nfitcuba.net<\/p>\n\n\n<style>.wp-block-kadence-advancedheading.kt-adv-heading2576_ef0d2e-a0_3, .wp-block-kadence-advancedheading.kt-adv-heading2576_ef0d2e-a0_3[data-kb-block=\"kb-adv-heading2576_ef0d2e-a0_3\"]{font-style:normal;}.wp-block-kadence-advancedheading.kt-adv-heading2576_ef0d2e-a0_3 mark.kt-highlight, .wp-block-kadence-advancedheading.kt-adv-heading2576_ef0d2e-a0_3[data-kb-block=\"kb-adv-heading2576_ef0d2e-a0_3\"] mark.kt-highlight{font-style:normal;color:#f76a0c;-webkit-box-decoration-break:clone;box-decoration-break:clone;padding-top:0px;padding-right:0px;padding-bottom:0px;padding-left:0px;}.wp-block-kadence-advancedheading.kt-adv-heading2576_ef0d2e-a0_3 img.kb-inline-image, .wp-block-kadence-advancedheading.kt-adv-heading2576_ef0d2e-a0_3[data-kb-block=\"kb-adv-heading2576_ef0d2e-a0_3\"] img.kb-inline-image{width:150px;vertical-align:baseline;}<\/style>\n<p class=\"kt-adv-heading2576_ef0d2e-a0_3 wp-block-kadence-advancedheading\" data-kb-block=\"kb-adv-heading2576_ef0d2e-a0_3\"><strong>\ud83c\udf0d Perch\u00e9 FITCUBA \u00e8 fondamentale<\/strong><\/p>\n\n\n<style>.wp-block-kadence-advancedheading.kt-adv-heading2576_ef0d2e-a0_4, .wp-block-kadence-advancedheading.kt-adv-heading2576_ef0d2e-a0_4[data-kb-block=\"kb-adv-heading2576_ef0d2e-a0_4\"]{font-style:normal;}.wp-block-kadence-advancedheading.kt-adv-heading2576_ef0d2e-a0_4 mark.kt-highlight, .wp-block-kadence-advancedheading.kt-adv-heading2576_ef0d2e-a0_4[data-kb-block=\"kb-adv-heading2576_ef0d2e-a0_4\"] mark.kt-highlight{font-style:normal;color:#f76a0c;-webkit-box-decoration-break:clone;box-decoration-break:clone;padding-top:0px;padding-right:0px;padding-bottom:0px;padding-left:0px;}.wp-block-kadence-advancedheading.kt-adv-heading2576_ef0d2e-a0_4 img.kb-inline-image, .wp-block-kadence-advancedheading.kt-adv-heading2576_ef0d2e-a0_4[data-kb-block=\"kb-adv-heading2576_ef0d2e-a0_4\"] img.kb-inline-image{width:150px;vertical-align:baseline;}<\/style>\n<p class=\"kt-adv-heading2576_ef0d2e-a0_4 wp-block-kadence-advancedheading\" data-kb-block=\"kb-adv-heading2576_ef0d2e-a0_4\">Ogni anno riunisce operatori turistici, agenzie di viaggio, tour-operator, compagnie aeree, catene alberghiere, fornitori e professionisti del settore \u2014 sia cubani che internazionali. <\/p>\n\n\n<style>.wp-block-kadence-advancedheading.kt-adv-heading2576_ef0d2e-a0_5, .wp-block-kadence-advancedheading.kt-adv-heading2576_ef0d2e-a0_5[data-kb-block=\"kb-adv-heading2576_ef0d2e-a0_5\"]{font-style:normal;}.wp-block-kadence-advancedheading.kt-adv-heading2576_ef0d2e-a0_5 mark.kt-highlight, .wp-block-kadence-advancedheading.kt-adv-heading2576_ef0d2e-a0_5[data-kb-block=\"kb-adv-heading2576_ef0d2e-a0_5\"] mark.kt-highlight{font-style:normal;color:#f76a0c;-webkit-box-decoration-break:clone;box-decoration-break:clone;padding-top:0px;padding-right:0px;padding-bottom:0px;padding-left:0px;}.wp-block-kadence-advancedheading.kt-adv-heading2576_ef0d2e-a0_5 img.kb-inline-image, .wp-block-kadence-advancedheading.kt-adv-heading2576_ef0d2e-a0_5[data-kb-block=\"kb-adv-heading2576_ef0d2e-a0_5\"] img.kb-inline-image{width:150px;vertical-align:baseline;}<\/style>\n<p class=\"kt-adv-heading2576_ef0d2e-a0_5 wp-block-kadence-advancedheading\" data-kb-block=\"kb-adv-heading2576_ef0d2e-a0_5\">Serve come piattaforma strategica per presentare nuovi progetti turistici, prodotti di viaggio, offerte alberghiere e opportunit\u00e0 di investimento. <\/p>\n\n\n<style>.wp-block-kadence-advancedheading.kt-adv-heading2576_ef0d2e-a0_6, .wp-block-kadence-advancedheading.kt-adv-heading2576_ef0d2e-a0_6[data-kb-block=\"kb-adv-heading2576_ef0d2e-a0_6\"]{font-style:normal;}.wp-block-kadence-advancedheading.kt-adv-heading2576_ef0d2e-a0_6 mark.kt-highlight, .wp-block-kadence-advancedheading.kt-adv-heading2576_ef0d2e-a0_6[data-kb-block=\"kb-adv-heading2576_ef0d2e-a0_6\"] mark.kt-highlight{font-style:normal;color:#f76a0c;-webkit-box-decoration-break:clone;box-decoration-break:clone;padding-top:0px;padding-right:0px;padding-bottom:0px;padding-left:0px;}.wp-block-kadence-advancedheading.kt-adv-heading2576_ef0d2e-a0_6 img.kb-inline-image, .wp-block-kadence-advancedheading.kt-adv-heading2576_ef0d2e-a0_6[data-kb-block=\"kb-adv-heading2576_ef0d2e-a0_6\"] img.kb-inline-image{width:150px;vertical-align:baseline;}<\/style>\n<p class=\"kt-adv-heading2576_ef0d2e-a0_6 wp-block-kadence-advancedheading\" data-kb-block=\"kb-adv-heading2576_ef0d2e-a0_6\">\u00c8 anche un\u2019occasione per valorizzare il patrimonio naturale, culturale e storico di Cuba \u2014 spiagge, citt\u00e0 coloniali, destinazioni \u201cmulti-prodotto\u201d come sole&amp;mare, cultura, natura, turismo storico, eco-turismo. <\/p>\n\n\n<style>.wp-block-kadence-advancedheading.kt-adv-heading2576_ef0d2e-a0_7, .wp-block-kadence-advancedheading.kt-adv-heading2576_ef0d2e-a0_7[data-kb-block=\"kb-adv-heading2576_ef0d2e-a0_7\"]{font-style:normal;}.wp-block-kadence-advancedheading.kt-adv-heading2576_ef0d2e-a0_7 mark.kt-highlight, .wp-block-kadence-advancedheading.kt-adv-heading2576_ef0d2e-a0_7[data-kb-block=\"kb-adv-heading2576_ef0d2e-a0_7\"] mark.kt-highlight{font-style:normal;color:#f76a0c;-webkit-box-decoration-break:clone;box-decoration-break:clone;padding-top:0px;padding-right:0px;padding-bottom:0px;padding-left:0px;}.wp-block-kadence-advancedheading.kt-adv-heading2576_ef0d2e-a0_7 img.kb-inline-image, .wp-block-kadence-advancedheading.kt-adv-heading2576_ef0d2e-a0_7[data-kb-block=\"kb-adv-heading2576_ef0d2e-a0_7\"] img.kb-inline-image{width:150px;vertical-align:baseline;}<\/style>\n<p class=\"kt-adv-heading2576_ef0d2e-a0_7 wp-block-kadence-advancedheading\" data-kb-block=\"kb-adv-heading2576_ef0d2e-a0_7\"><strong>\ud83c\udfaf Obiettivi dell\u2019edizione 2026<\/strong><\/p>\n\n\n<style>.wp-block-kadence-advancedheading.kt-adv-heading2576_ef0d2e-a0_8, .wp-block-kadence-advancedheading.kt-adv-heading2576_ef0d2e-a0_8[data-kb-block=\"kb-adv-heading2576_ef0d2e-a0_8\"]{font-style:normal;}.wp-block-kadence-advancedheading.kt-adv-heading2576_ef0d2e-a0_8 mark.kt-highlight, .wp-block-kadence-advancedheading.kt-adv-heading2576_ef0d2e-a0_8[data-kb-block=\"kb-adv-heading2576_ef0d2e-a0_8\"] mark.kt-highlight{font-style:normal;color:#f76a0c;-webkit-box-decoration-break:clone;box-decoration-break:clone;padding-top:0px;padding-right:0px;padding-bottom:0px;padding-left:0px;}.wp-block-kadence-advancedheading.kt-adv-heading2576_ef0d2e-a0_8 img.kb-inline-image, .wp-block-kadence-advancedheading.kt-adv-heading2576_ef0d2e-a0_8[data-kb-block=\"kb-adv-heading2576_ef0d2e-a0_8\"] img.kb-inline-image{width:150px;vertical-align:baseline;}<\/style>\n<p class=\"kt-adv-heading2576_ef0d2e-a0_8 wp-block-kadence-advancedheading\" data-kb-block=\"kb-adv-heading2576_ef0d2e-a0_8\">Promuovere Cuba come destinazione globale pronta a offrire un\u2019ampia variet\u00e0 di esperienze: spiagge, cultura, natura, storia e servizi turistici moderni.<\/p>\n\n\n<style>.wp-block-kadence-advancedheading.kt-adv-heading2576_ef0d2e-a0_9, .wp-block-kadence-advancedheading.kt-adv-heading2576_ef0d2e-a0_9[data-kb-block=\"kb-adv-heading2576_ef0d2e-a0_9\"]{font-style:normal;}.wp-block-kadence-advancedheading.kt-adv-heading2576_ef0d2e-a0_9 mark.kt-highlight, .wp-block-kadence-advancedheading.kt-adv-heading2576_ef0d2e-a0_9[data-kb-block=\"kb-adv-heading2576_ef0d2e-a0_9\"] mark.kt-highlight{font-style:normal;color:#f76a0c;-webkit-box-decoration-break:clone;box-decoration-break:clone;padding-top:0px;padding-right:0px;padding-bottom:0px;padding-left:0px;}.wp-block-kadence-advancedheading.kt-adv-heading2576_ef0d2e-a0_9 img.kb-inline-image, .wp-block-kadence-advancedheading.kt-adv-heading2576_ef0d2e-a0_9[data-kb-block=\"kb-adv-heading2576_ef0d2e-a0_9\"] img.kb-inline-image{width:150px;vertical-align:baseline;}<\/style>\n<p class=\"kt-adv-heading2576_ef0d2e-a0_9 wp-block-kadence-advancedheading\" data-kb-block=\"kb-adv-heading2576_ef0d2e-a0_9\">Favorire collaborazioni internazionali, incrementare investimenti e sviluppare offerte turistiche competitive a livello mondiale.<\/p>\n\n\n<style>.wp-block-kadence-advancedheading.kt-adv-heading2576_ef0d2e-a0_10, .wp-block-kadence-advancedheading.kt-adv-heading2576_ef0d2e-a0_10[data-kb-block=\"kb-adv-heading2576_ef0d2e-a0_10\"]{font-style:normal;}.wp-block-kadence-advancedheading.kt-adv-heading2576_ef0d2e-a0_10 mark.kt-highlight, .wp-block-kadence-advancedheading.kt-adv-heading2576_ef0d2e-a0_10[data-kb-block=\"kb-adv-heading2576_ef0d2e-a0_10\"] mark.kt-highlight{font-style:normal;color:#f76a0c;-webkit-box-decoration-break:clone;box-decoration-break:clone;padding-top:0px;padding-right:0px;padding-bottom:0px;padding-left:0px;}.wp-block-kadence-advancedheading.kt-adv-heading2576_ef0d2e-a0_10 img.kb-inline-image, .wp-block-kadence-advancedheading.kt-adv-heading2576_ef0d2e-a0_10[data-kb-block=\"kb-adv-heading2576_ef0d2e-a0_10\"] img.kb-inline-image{width:150px;vertical-align:baseline;}<\/style>\n<p class=\"kt-adv-heading2576_ef0d2e-a0_10 wp-block-kadence-advancedheading\" data-kb-block=\"kb-adv-heading2576_ef0d2e-a0_10\">Dare visibilit\u00e0 a nuove strutture alberghiere e proposte di turismo integrato, sostenibile e diversificato.<\/p>\n\n\n<style>.wp-block-kadence-advancedheading.kt-adv-heading2576_ef0d2e-a0_11, .wp-block-kadence-advancedheading.kt-adv-heading2576_ef0d2e-a0_11[data-kb-block=\"kb-adv-heading2576_ef0d2e-a0_11\"]{font-style:normal;}.wp-block-kadence-advancedheading.kt-adv-heading2576_ef0d2e-a0_11 mark.kt-highlight, .wp-block-kadence-advancedheading.kt-adv-heading2576_ef0d2e-a0_11[data-kb-block=\"kb-adv-heading2576_ef0d2e-a0_11\"] mark.kt-highlight{font-style:normal;color:#f76a0c;-webkit-box-decoration-break:clone;box-decoration-break:clone;padding-top:0px;padding-right:0px;padding-bottom:0px;padding-left:0px;}.wp-block-kadence-advancedheading.kt-adv-heading2576_ef0d2e-a0_11 img.kb-inline-image, .wp-block-kadence-advancedheading.kt-adv-heading2576_ef0d2e-a0_11[data-kb-block=\"kb-adv-heading2576_ef0d2e-a0_11\"] img.kb-inline-image{width:150px;vertical-align:baseline;}<\/style>\n<p class=\"kt-adv-heading2576_ef0d2e-a0_11 wp-block-kadence-advancedheading\" data-kb-block=\"kb-adv-heading2576_ef0d2e-a0_11\"><strong>\ud83e\udded A chi \u00e8 rivolto<\/strong><\/p>\n\n\n<style>.wp-block-kadence-advancedheading.kt-adv-heading2576_ef0d2e-a0_12, .wp-block-kadence-advancedheading.kt-adv-heading2576_ef0d2e-a0_12[data-kb-block=\"kb-adv-heading2576_ef0d2e-a0_12\"]{font-style:normal;}.wp-block-kadence-advancedheading.kt-adv-heading2576_ef0d2e-a0_12 mark.kt-highlight, .wp-block-kadence-advancedheading.kt-adv-heading2576_ef0d2e-a0_12[data-kb-block=\"kb-adv-heading2576_ef0d2e-a0_12\"] mark.kt-highlight{font-style:normal;color:#f76a0c;-webkit-box-decoration-break:clone;box-decoration-break:clone;padding-top:0px;padding-right:0px;padding-bottom:0px;padding-left:0px;}.wp-block-kadence-advancedheading.kt-adv-heading2576_ef0d2e-a0_12 img.kb-inline-image, .wp-block-kadence-advancedheading.kt-adv-heading2576_ef0d2e-a0_12[data-kb-block=\"kb-adv-heading2576_ef0d2e-a0_12\"] img.kb-inline-image{width:150px;vertical-align:baseline;}<\/style>\n<p class=\"kt-adv-heading2576_ef0d2e-a0_12 wp-block-kadence-advancedheading\" data-kb-block=\"kb-adv-heading2576_ef0d2e-a0_12\">FITCUBA 2026 \u00e8 pensato per:<\/p>\n\n\n<style>.wp-block-kadence-advancedheading.kt-adv-heading2576_ef0d2e-a0_13, .wp-block-kadence-advancedheading.kt-adv-heading2576_ef0d2e-a0_13[data-kb-block=\"kb-adv-heading2576_ef0d2e-a0_13\"]{font-style:normal;}.wp-block-kadence-advancedheading.kt-adv-heading2576_ef0d2e-a0_13 mark.kt-highlight, .wp-block-kadence-advancedheading.kt-adv-heading2576_ef0d2e-a0_13[data-kb-block=\"kb-adv-heading2576_ef0d2e-a0_13\"] mark.kt-highlight{font-style:normal;color:#f76a0c;-webkit-box-decoration-break:clone;box-decoration-break:clone;padding-top:0px;padding-right:0px;padding-bottom:0px;padding-left:0px;}.wp-block-kadence-advancedheading.kt-adv-heading2576_ef0d2e-a0_13 img.kb-inline-image, .wp-block-kadence-advancedheading.kt-adv-heading2576_ef0d2e-a0_13[data-kb-block=\"kb-adv-heading2576_ef0d2e-a0_13\"] img.kb-inline-image{width:150px;vertical-align:baseline;}<\/style>\n<p class=\"kt-adv-heading2576_ef0d2e-a0_13 wp-block-kadence-advancedheading\" data-kb-block=\"kb-adv-heading2576_ef0d2e-a0_13\">Tour operator, agenzie di viaggio e tour-operator internazionali<\/p>\n\n\n<style>.wp-block-kadence-advancedheading.kt-adv-heading2576_ef0d2e-a0_14, .wp-block-kadence-advancedheading.kt-adv-heading2576_ef0d2e-a0_14[data-kb-block=\"kb-adv-heading2576_ef0d2e-a0_14\"]{font-style:normal;}.wp-block-kadence-advancedheading.kt-adv-heading2576_ef0d2e-a0_14 mark.kt-highlight, .wp-block-kadence-advancedheading.kt-adv-heading2576_ef0d2e-a0_14[data-kb-block=\"kb-adv-heading2576_ef0d2e-a0_14\"] mark.kt-highlight{font-style:normal;color:#f76a0c;-webkit-box-decoration-break:clone;box-decoration-break:clone;padding-top:0px;padding-right:0px;padding-bottom:0px;padding-left:0px;}.wp-block-kadence-advancedheading.kt-adv-heading2576_ef0d2e-a0_14 img.kb-inline-image, .wp-block-kadence-advancedheading.kt-adv-heading2576_ef0d2e-a0_14[data-kb-block=\"kb-adv-heading2576_ef0d2e-a0_14\"] img.kb-inline-image{width:150px;vertical-align:baseline;}<\/style>\n<p class=\"kt-adv-heading2576_ef0d2e-a0_14 wp-block-kadence-advancedheading\" data-kb-block=\"kb-adv-heading2576_ef0d2e-a0_14\">Compagnie aeree, catene alberghiere, fornitori di servizi turistici<\/p>\n\n\n<style>.wp-block-kadence-advancedheading.kt-adv-heading2576_ef0d2e-a0_15, .wp-block-kadence-advancedheading.kt-adv-heading2576_ef0d2e-a0_15[data-kb-block=\"kb-adv-heading2576_ef0d2e-a0_15\"]{font-style:normal;}.wp-block-kadence-advancedheading.kt-adv-heading2576_ef0d2e-a0_15 mark.kt-highlight, .wp-block-kadence-advancedheading.kt-adv-heading2576_ef0d2e-a0_15[data-kb-block=\"kb-adv-heading2576_ef0d2e-a0_15\"] mark.kt-highlight{font-style:normal;color:#f76a0c;-webkit-box-decoration-break:clone;box-decoration-break:clone;padding-top:0px;padding-right:0px;padding-bottom:0px;padding-left:0px;}.wp-block-kadence-advancedheading.kt-adv-heading2576_ef0d2e-a0_15 img.kb-inline-image, .wp-block-kadence-advancedheading.kt-adv-heading2576_ef0d2e-a0_15[data-kb-block=\"kb-adv-heading2576_ef0d2e-a0_15\"] img.kb-inline-image{width:150px;vertical-align:baseline;}<\/style>\n<p class=\"kt-adv-heading2576_ef0d2e-a0_15 wp-block-kadence-advancedheading\" data-kb-block=\"kb-adv-heading2576_ef0d2e-a0_15\">Professionisti del settore turistico, investitori, stakeholder istituzionali<\/p>\n\n\n<style>.wp-block-kadence-advancedheading.kt-adv-heading2576_ef0d2e-a0_16, .wp-block-kadence-advancedheading.kt-adv-heading2576_ef0d2e-a0_16[data-kb-block=\"kb-adv-heading2576_ef0d2e-a0_16\"]{font-style:normal;}.wp-block-kadence-advancedheading.kt-adv-heading2576_ef0d2e-a0_16 mark.kt-highlight, .wp-block-kadence-advancedheading.kt-adv-heading2576_ef0d2e-a0_16[data-kb-block=\"kb-adv-heading2576_ef0d2e-a0_16\"] mark.kt-highlight{font-style:normal;color:#f76a0c;-webkit-box-decoration-break:clone;box-decoration-break:clone;padding-top:0px;padding-right:0px;padding-bottom:0px;padding-left:0px;}.wp-block-kadence-advancedheading.kt-adv-heading2576_ef0d2e-a0_16 img.kb-inline-image, .wp-block-kadence-advancedheading.kt-adv-heading2576_ef0d2e-a0_16[data-kb-block=\"kb-adv-heading2576_ef0d2e-a0_16\"] img.kb-inline-image{width:150px;vertical-align:baseline;}<\/style>\n<p class=\"kt-adv-heading2576_ef0d2e-a0_16 wp-block-kadence-advancedheading\" data-kb-block=\"kb-adv-heading2576_ef0d2e-a0_16\">Giornalisti, media specializzati e operatori del travel business<\/p>\n\n\n<style>.wp-block-kadence-advancedheading.kt-adv-heading2576_ef0d2e-a0_17, .wp-block-kadence-advancedheading.kt-adv-heading2576_ef0d2e-a0_17[data-kb-block=\"kb-adv-heading2576_ef0d2e-a0_17\"]{font-style:normal;}.wp-block-kadence-advancedheading.kt-adv-heading2576_ef0d2e-a0_17 mark.kt-highlight, .wp-block-kadence-advancedheading.kt-adv-heading2576_ef0d2e-a0_17[data-kb-block=\"kb-adv-heading2576_ef0d2e-a0_17\"] mark.kt-highlight{font-style:normal;color:#f76a0c;-webkit-box-decoration-break:clone;box-decoration-break:clone;padding-top:0px;padding-right:0px;padding-bottom:0px;padding-left:0px;}.wp-block-kadence-advancedheading.kt-adv-heading2576_ef0d2e-a0_17 img.kb-inline-image, .wp-block-kadence-advancedheading.kt-adv-heading2576_ef0d2e-a0_17[data-kb-block=\"kb-adv-heading2576_ef0d2e-a0_17\"] img.kb-inline-image{width:150px;vertical-align:baseline;}<\/style>\n<p class=\"kt-adv-heading2576_ef0d2e-a0_17 wp-block-kadence-advancedheading\" data-kb-block=\"kb-adv-heading2576_ef0d2e-a0_17\"><strong>\u2728 Il messaggio principale<\/strong><\/p>\n\n\n<style>.wp-block-kadence-advancedheading.kt-adv-heading2576_ef0d2e-a0_18, .wp-block-kadence-advancedheading.kt-adv-heading2576_ef0d2e-a0_18[data-kb-block=\"kb-adv-heading2576_ef0d2e-a0_18\"]{font-style:normal;}.wp-block-kadence-advancedheading.kt-adv-heading2576_ef0d2e-a0_18 mark.kt-highlight, .wp-block-kadence-advancedheading.kt-adv-heading2576_ef0d2e-a0_18[data-kb-block=\"kb-adv-heading2576_ef0d2e-a0_18\"] mark.kt-highlight{font-style:normal;color:#f76a0c;-webkit-box-decoration-break:clone;box-decoration-break:clone;padding-top:0px;padding-right:0px;padding-bottom:0px;padding-left:0px;}.wp-block-kadence-advancedheading.kt-adv-heading2576_ef0d2e-a0_18 img.kb-inline-image, .wp-block-kadence-advancedheading.kt-adv-heading2576_ef0d2e-a0_18[data-kb-block=\"kb-adv-heading2576_ef0d2e-a0_18\"] img.kb-inline-image{width:150px;vertical-align:baseline;}<\/style>\n<p class=\"kt-adv-heading2576_ef0d2e-a0_18 wp-block-kadence-advancedheading\" data-kb-block=\"kb-adv-heading2576_ef0d2e-a0_18\">FITCUBA 2026 vuole dimostrare che Cuba non \u00e8 solo un\u2019isola da visitare, ma un\u2019esperienza integrata, capace di offrire bellezze naturali, patrimonio culturale, strutture moderne e un turismo in continua evoluzione. Varadero, con il suo Centro Congressi, diventa la vetrina ideale per presentare questa \u201cnuova\u201d Cuba al mondo.<\/p>\n","protected":false},"excerpt":{"rendered":"<p>\ud83c\udf10 FITCUBA 2026: Il grande evento del turismo cubano torna a Varadero \u2728 Cosa \u00e8 FITCUBA FITCUBA \u00e8 la Fiera Internazionale del Turismo di Cuba, ed \u00e8 considerata l\u2019evento professionale pi\u00f9 importante dell\u2019industria turistica cubana. fitcuba.net L\u2019edizione 2026 si terr\u00e0 dal 6 al 10 maggio,&hellip;<\/p>\n","protected":false},"author":1,"featured_media":2577,"comment_status":"open","ping_status":"open","sticky":false,"template":"","format":"standard","meta":{"ngg_post_thumbnail":0,"_jetpack_memberships_contains_paid_content":false,"footnotes":""},"categories":[6],"tags":[],"class_list":["post-2576","post","type-post","status-publish","format-standard","has-post-thumbnail","hentry","category-tour"],"jetpack_featured_media_url":"https:\/\/criand.it\/wp-content\/uploads\/2025\/11\/FIT_CUBA_2026.jpg","jetpack_sharing_enabled":true,"_links":{"self":[{"href":"https:\/\/criand.it\/index.php\/wp-json\/wp\/v2\/posts\/2576","targetHints":{"allow":["GET"]}}],"collection":[{"href":"https:\/\/criand.it\/index.php\/wp-json\/wp\/v2\/posts"}],"about":[{"href":"https:\/\/criand.it\/index.php\/wp-json\/wp\/v2\/types\/post"}],"author":[{"embeddable":true,"href":"https:\/\/criand.it\/index.php\/wp-json\/wp\/v2\/users\/1"}],"replies":[{"embeddable":true,"href":"https:\/\/criand.it\/index.php\/wp-json\/wp\/v2\/comments?post=2576"}],"version-history":[{"count":1,"href":"https:\/\/criand.it\/index.php\/wp-json\/wp\/v2\/posts\/2576\/revisions"}],"predecessor-version":[{"id":2578,"href":"https:\/\/criand.it\/index.php\/wp-json\/wp\/v2\/posts\/2576\/revisions\/2578"}],"wp:featuredmedia":[{"embeddable":true,"href":"https:\/\/criand.it\/index.php\/wp-json\/wp\/v2\/media\/2577"}],"wp:attachment":[{"href":"https:\/\/criand.it\/index.php\/wp-json\/wp\/v2\/media?parent=2576"}],"wp:term":[{"taxonomy":"category","embeddable":true,"href":"https:\/\/criand.it\/index.php\/wp-json\/wp\/v2\/categories?post=2576"},{"taxonomy":"post_tag","embeddable":true,"href":"https:\/\/criand.it\/index.php\/wp-json\/wp\/v2\/tags?post=2576"}],"curies":[{"name":"wp","href":"https:\/\/api.w.org\/{rel}","templated":true}]}}